{"id":6,"date":"2012-09-25T14:19:04","date_gmt":"2012-09-25T12:19:04","guid":{"rendered":"http:\/\/www.garn-und-mehr.de\/scheregarnpapier\/?p=6"},"modified":"2018-05-09T12:54:08","modified_gmt":"2018-05-09T10:54:08","slug":"garn-mehr-ist-online","status":"publish","type":"post","link":"https:\/\/www.garn-und-mehr.de\/scheregarnpapier\/garn-mehr-ist-online\/","title":{"rendered":"GARN &#038; MEHR ist online"},"content":{"rendered":"<p>Es ist soweit: GARN &amp; MEHR, mein eigenes Label und zugeh\u00f6riger Onlineshop f\u00fcr B\u00e4cker-Garn &#8211; auch Wurstgarn oder bakers twine genannt &#8211; ist online. Ich habe in den letzten vier Wochen viel \u00fcber Shopdesign dazugelernt und ich kann euch sagen: es war nicht immer leicht &#8230; Doch nun bin ich umso stolzer sagen zu k\u00f6nnen: es ist vollbracht! Und ich danke an dieser Stelle gaaaanz doll meinem Mann und meinen Kollegen von Linienland &#8211; insbesondere Werner, Thorsten und der lieben Manu!<br \/>\nIch freue mich auf alles, was nun noch kommt &#8211; denn das ist ja nur der Anfang &#8230; ;-)<\/p>\n<p><a href=\"https:\/\/www.garn-und-mehr.de\/scheregarnpapier\/wp-content\/uploads\/GARN_MEHR_baecker-garn_bakerstwine.png\"><img loading=\"lazy\" decoding=\"async\" class=\"alignleft size-large wp-image-64\" title=\"GARN_MEHR_baecker-garn_bakerstwine\" src=\"https:\/\/www.garn-und-mehr.de\/scheregarnpapier\/wp-content\/uploads\/GARN_MEHR_baecker-garn_bakerstwine-1024x887.png\" alt=\"\" width=\"584\" height=\"505\" srcset=\"https:\/\/www.garn-und-mehr.de\/scheregarnpapier\/wp-content\/uploads\/GARN_MEHR_baecker-garn_bakerstwine-1024x887.png 1024w, https:\/\/www.garn-und-mehr.de\/scheregarnpapier\/wp-content\/uploads\/GARN_MEHR_baecker-garn_bakerstwine-300x259.png 300w, https:\/\/www.garn-und-mehr.de\/scheregarnpapier\/wp-content\/uploads\/GARN_MEHR_baecker-garn_bakerstwine-346x300.png 346w, https:\/\/www.garn-und-mehr.de\/scheregarnpapier\/wp-content\/uploads\/GARN_MEHR_baecker-garn_bakerstwine.png 1258w\" sizes=\"auto, (max-width: 584px) 100vw, 584px\" \/><\/a><\/p>\n","protected":false},"excerpt":{"rendered":"<p>Es ist soweit: GARN &amp; MEHR, mein eigenes Label und zugeh\u00f6riger Onlineshop f\u00fcr B\u00e4cker-Garn &#8211; auch Wurstgarn oder bakers twine genannt &#8211; ist online. Ich habe in den letzten vier Wochen viel \u00fcber Shopdesign dazugelernt und ich kann euch sagen: &hellip; <a href=\"https:\/\/www.garn-und-mehr.de\/scheregarnpapier\/garn-mehr-ist-online\/\">Weiterlesen <span class=\"meta-nav\">&rarr;<\/span><\/a><\/p>\n","protected":false},"author":2,"featured_media":0,"comment_status":"closed","ping_status":"closed","sticky":false,"template":"","format":"standard","meta":{"_themeisle_gutenberg_block_has_review":false,"footnotes":""},"categories":[1],"tags":[],"class_list":["post-6","post","type-post","status-publish","format-standard","hentry","category-allgemein"],"_links":{"self":[{"href":"https:\/\/www.garn-und-mehr.de\/scheregarnpapier\/wp-json\/wp\/v2\/posts\/6","targetHints":{"allow":["GET"]}}],"collection":[{"href":"https:\/\/www.garn-und-mehr.de\/scheregarnpapier\/wp-json\/wp\/v2\/posts"}],"about":[{"href":"https:\/\/www.garn-und-mehr.de\/scheregarnpapier\/wp-json\/wp\/v2\/types\/post"}],"author":[{"embeddable":true,"href":"https:\/\/www.garn-und-mehr.de\/scheregarnpapier\/wp-json\/wp\/v2\/users\/2"}],"replies":[{"embeddable":true,"href":"https:\/\/www.garn-und-mehr.de\/scheregarnpapier\/wp-json\/wp\/v2\/comments?post=6"}],"version-history":[{"count":15,"href":"https:\/\/www.garn-und-mehr.de\/scheregarnpapier\/wp-json\/wp\/v2\/posts\/6\/revisions"}],"predecessor-version":[{"id":2330,"href":"https:\/\/www.garn-und-mehr.de\/scheregarnpapier\/wp-json\/wp\/v2\/posts\/6\/revisions\/2330"}],"wp:attachment":[{"href":"https:\/\/www.garn-und-mehr.de\/scheregarnpapier\/wp-json\/wp\/v2\/media?parent=6"}],"wp:term":[{"taxonomy":"category","embeddable":true,"href":"https:\/\/www.garn-und-mehr.de\/scheregarnpapier\/wp-json\/wp\/v2\/categories?post=6"},{"taxonomy":"post_tag","embeddable":true,"href":"https:\/\/www.garn-und-mehr.de\/scheregarnpapier\/wp-json\/wp\/v2\/tags?post=6"}],"curies":[{"name":"wp","href":"https:\/\/api.w.org\/{rel}","templated":true}]}}