{"id":1083,"date":"2013-04-28T08:15:21","date_gmt":"2013-04-28T06:15:21","guid":{"rendered":"http:\/\/www.garn-und-mehr.de\/scheregarnpapier\/?p=1083"},"modified":"2020-11-05T16:11:09","modified_gmt":"2020-11-05T15:11:09","slug":"fruhlingsfrisch-spring-makes-everything-new","status":"publish","type":"post","link":"https:\/\/www.garn-und-mehr.de\/scheregarnpapier\/fruhlingsfrisch-spring-makes-everything-new\/","title":{"rendered":"Fr\u00fchlingsfrisch \/ Spring makes everything new"},"content":{"rendered":"<p><a href=\"https:\/\/www.garn-und-mehr.de\/scheregarnpapier\/wp-content\/uploads\/garnundmehr_newcolor_fresh_mint_bakerstwine_baeckergarn_2.jpg\"><img loading=\"lazy\" decoding=\"async\" class=\"alignleft size-full wp-image-1094\" alt=\"garnundmehr_newcolor_fresh_mint_bakerstwine_baeckergarn_2\" src=\"https:\/\/www.garn-und-mehr.de\/scheregarnpapier\/wp-content\/uploads\/garnundmehr_newcolor_fresh_mint_bakerstwine_baeckergarn_2.jpg\" width=\"680\" height=\"680\" srcset=\"https:\/\/www.garn-und-mehr.de\/scheregarnpapier\/wp-content\/uploads\/garnundmehr_newcolor_fresh_mint_bakerstwine_baeckergarn_2.jpg 680w, https:\/\/www.garn-und-mehr.de\/scheregarnpapier\/wp-content\/uploads\/garnundmehr_newcolor_fresh_mint_bakerstwine_baeckergarn_2-150x150.jpg 150w, https:\/\/www.garn-und-mehr.de\/scheregarnpapier\/wp-content\/uploads\/garnundmehr_newcolor_fresh_mint_bakerstwine_baeckergarn_2-300x300.jpg 300w\" sizes=\"auto, (max-width: 680px) 100vw, 680px\" \/><\/a><br \/>\n<a href=\"https:\/\/www.garn-und-mehr.de\/scheregarnpapier\/?p=1083\/#just-arrived\"><em>(read in english)<\/em><\/a><br \/>\nBrandneu bei GARN &amp; MEHR: die Garnfarbe <a href=\"https:\/\/www.garn-und-mehr.de\/PRODUKTE\/BAeCKER-GARN\/Baecker-Garn-7-10-34-105.html\" target=\"_blank\" rel=\"noopener noreferrer\">&#8222;Mintgr\u00fcn&#8220;<\/a>.<em><br \/>\n<!--more--><\/em><\/p>\n<p><em>1) <a href=\"http:\/\/fahrrad-e-bikes.de\/Kalkhoff_Nostalgie__3-G_i-Motion_mint_36236.html\" target=\"_blank\" rel=\"noopener noreferrer\">Nostalgie-Fahrrad<\/a>\u00a0\/ bicycle \u00a02) <a href=\"http:\/\/www.makroenchen-manufaktur.de\/galerien\/makr\u00f6nchen-makr\u00f6nchen\/\" target=\"_blank\" rel=\"noopener noreferrer\">Macaron<\/a> \u00a03) <a href=\"http:\/\/henkundhenri.de\/Kekskollektion\/Teemotivkekse.html\" target=\"_blank\" rel=\"noopener noreferrer\">Keks \/ cookie<\/a>\u00a0 4) <a href=\"http:\/\/www.noni-mode.de\/kollektion\/kollektion-2013.html#toni-kurzes-hochzeitskleid-in-empirelinie-im-vintage-look-kurzer-fluegelarm-und-rosa-guertel-mit-knopf\" target=\"_blank\" rel=\"noopener noreferrer\">Brautkleid \/ wedding dress<\/a> \u00a05) <a href=\"http:\/\/de.dawanda.com\/shop\/renna-deluxe\/373830-Kanzashi-Brosche?#shop_products\" target=\"_blank\" rel=\"noopener noreferrer\">Kanzashi-Brosche \/ brooch<\/a> \u00a06) Papierstrohhalme \/ paper straws \u00a07) Wabenball \/ honeycomb tissue ball \u00a08) Tortenplatte \/ cake plate \u00a09) <a href=\"http:\/\/www.zalando.de\/pier-one-ballerina-peppermint-pi911a063-608.html\" target=\"_blank\" rel=\"noopener noreferrer\">Ballerinas \/ ballet pumps<\/a> \u00a010) <a href=\"http:\/\/www.esprit.de\/women\/alle_marken\/TRENDS_SPECIALS\/pastel_love\/oberteile\/leichter-feinstrick-pulli-R21512_333\" target=\"_blank\" rel=\"noopener noreferrer\">Longshirt<\/a> \u00a011) <a href=\"http:\/\/www.essie.de\/farben\" target=\"_blank\" rel=\"noopener noreferrer\">Nagellack \/ nail polish<\/a> \u00a012) DIY Armband \/ chevron bracelet \u00a013) <a href=\"http:\/\/scrapperin.blogspot.de\/p\/buy-stamps-here.html\" target=\"_blank\" rel=\"noopener noreferrer\">Stempel \/ stamp<\/a> \u00a014) Stempelkissen \/ stamp pad \u00a015) <a href=\"http:\/\/scrapperin.blogspot.de\/p\/31-wintertage.html\" target=\"_blank\" rel=\"noopener noreferrer\">Papierb\u00f6gen \/ scrapbook paper<\/a> \u00a016) <a href=\"http:\/\/www.paperscreen.me\/collections\/companions-4-ipad\/products\/scola\" target=\"_blank\" rel=\"noopener noreferrer\">Schreibhefte \/\u00a0exercise\u00a0books<\/a> \u00a017) <a href=\"http:\/\/www.marks-japan.eu\/fr\/collections\/bdd\/collection\/15\/produit\/50\/ref\/DAY-BP1-MI\/couleur\/133\/visuel\/1\" target=\"_blank\" rel=\"noopener noreferrer\">Kugelschreiber \/ ball pen<\/a><\/em><\/p>\n<p>Das neue B\u00e4ckergarn passt zu all den wundersch\u00f6nen Dingen, die dein Leben in Mintgr\u00fcn &amp; Pfefferminz\u00a0sch\u00f6ner machen.<br \/>\nUnd als \u00dcberraschung: diese Garnfarbe gibt es zus\u00e4tzlich auch als <a href=\"https:\/\/www.garn-und-mehr.de\/PRODUKTE\/BAeCKER-GARN\/Baecker-Garn-7-10-34-105-108.html\" target=\"_blank\" rel=\"noopener noreferrer\">einfarbige Variante<\/a>!<br \/>\nZusammen sind beide Garne ein Traumpaar f\u00fcr alle Dekorations-, Verpackungs- und DIY-Projekte, die ihr euch vorstellen k\u00f6nnt! Ich bin schon so gespannt zu h\u00f6ren, welche Ideen ihr damit umsetzen m\u00f6chtet. <br class=\"clear\" \/><br \/>\n<a href=\"https:\/\/www.garn-und-mehr.de\/scheregarnpapier\/wp-content\/uploads\/garnundmehr_baeckergarn_bakerstwine_mint_seaglass_peppermint_singlecolour.jpg\"><img loading=\"lazy\" decoding=\"async\" class=\"alignleft size-full wp-image-1109\" alt=\"garnundmehr_baeckergarn_bakerstwine_mint_seaglass_peppermint_singlecolour\" src=\"https:\/\/www.garn-und-mehr.de\/scheregarnpapier\/wp-content\/uploads\/garnundmehr_baeckergarn_bakerstwine_mint_seaglass_peppermint_singlecolour.jpg\" width=\"680\" height=\"430\" srcset=\"https:\/\/www.garn-und-mehr.de\/scheregarnpapier\/wp-content\/uploads\/garnundmehr_baeckergarn_bakerstwine_mint_seaglass_peppermint_singlecolour.jpg 680w, https:\/\/www.garn-und-mehr.de\/scheregarnpapier\/wp-content\/uploads\/garnundmehr_baeckergarn_bakerstwine_mint_seaglass_peppermint_singlecolour-300x189.jpg 300w\" sizes=\"auto, (max-width: 680px) 100vw, 680px\" \/><\/a><br \/>\n<br class=\"clear\" \/><br \/>\n<a name=\"just-arrived\"><\/a><em>Just arrived: our brandnew colour <a href=\"https:\/\/www.garn-und-mehr.de\/PRODUKTE\/BAeCKER-GARN\/Baecker-Garn-7-10-34-105.html\" target=\"_blank\" rel=\"noopener noreferrer\">&#8222;mint&#8220;<\/a>.<br \/>\nFits to all the wonderful things, that make your life pretty in mint, peppermint and seaglass.<br \/>\nAnd surprise, surprise: this colour is also available as <a href=\"https:\/\/www.garn-und-mehr.de\/PRODUKTE\/BAeCKER-GARN\/Baecker-Garn-7-10-34-105-108.html\" target=\"_blank\" rel=\"noopener noreferrer\">single-colour twine<\/a>. Together these twines are a dream team for every decoration, packaging and DIY project!<br \/>\nI would love to hear all your ideas you can imagine to create with it.<\/em><\/p>\n<p>&nbsp;<\/p>\n","protected":false},"excerpt":{"rendered":"<p>(read in english) Brandneu bei GARN &amp; MEHR: die Garnfarbe &#8222;Mintgr\u00fcn&#8220;.<\/p>\n","protected":false},"author":2,"featured_media":0,"comment_status":"closed","ping_status":"closed","sticky":false,"template":"","format":"standard","meta":{"_themeisle_gutenberg_block_has_review":false,"footnotes":""},"categories":[1,124],"tags":[176,174,175],"class_list":["post-1083","post","type-post","status-publish","format-standard","hentry","category-allgemein","category-fruhling-spring","tag-einfarbig","tag-mint","tag-single-colour"],"_links":{"self":[{"href":"https:\/\/www.garn-und-mehr.de\/scheregarnpapier\/wp-json\/wp\/v2\/posts\/1083","targetHints":{"allow":["GET"]}}],"collection":[{"href":"https:\/\/www.garn-und-mehr.de\/scheregarnpapier\/wp-json\/wp\/v2\/posts"}],"about":[{"href":"https:\/\/www.garn-und-mehr.de\/scheregarnpapier\/wp-json\/wp\/v2\/types\/post"}],"author":[{"embeddable":true,"href":"https:\/\/www.garn-und-mehr.de\/scheregarnpapier\/wp-json\/wp\/v2\/users\/2"}],"replies":[{"embeddable":true,"href":"https:\/\/www.garn-und-mehr.de\/scheregarnpapier\/wp-json\/wp\/v2\/comments?post=1083"}],"version-history":[{"count":37,"href":"https:\/\/www.garn-und-mehr.de\/scheregarnpapier\/wp-json\/wp\/v2\/posts\/1083\/revisions"}],"predecessor-version":[{"id":2384,"href":"https:\/\/www.garn-und-mehr.de\/scheregarnpapier\/wp-json\/wp\/v2\/posts\/1083\/revisions\/2384"}],"wp:attachment":[{"href":"https:\/\/www.garn-und-mehr.de\/scheregarnpapier\/wp-json\/wp\/v2\/media?parent=1083"}],"wp:term":[{"taxonomy":"category","embeddable":true,"href":"https:\/\/www.garn-und-mehr.de\/scheregarnpapier\/wp-json\/wp\/v2\/categories?post=1083"},{"taxonomy":"post_tag","embeddable":true,"href":"https:\/\/www.garn-und-mehr.de\/scheregarnpapier\/wp-json\/wp\/v2\/tags?post=1083"}],"curies":[{"name":"wp","href":"https:\/\/api.w.org\/{rel}","templated":true}]}}